{"id":721,"date":"2018-02-15T10:50:37","date_gmt":"2018-02-15T13:50:37","guid":{"rendered":"https:\/\/www.labre.com.ar\/?p=721"},"modified":"2018-09-05T11:57:44","modified_gmt":"2018-09-05T14:57:44","slug":"v-congreso-latinoamericano-de-aracnologia","status":"publish","type":"post","link":"https:\/\/www.labre.com.ar\/es\/v-congreso-latinoamericano-de-aracnologia\/","title":{"rendered":"V Congreso Latinoamericano de Aracnolog\u00eda"},"content":{"rendered":"<p>El 3 de diciembre del 2017 se realiz\u00f3 en Minas Gerais, Brasil el V Congreso Latinoamericano de Aracnolog\u00eda en el cual particip\u00f3 gran parte de nuestro equipo. Se presentaron trabajos novedosos realizados por el grupo tanto en modalidad p\u00f3ster como charla oral. Queremos felicitar a dos de nuestros becarios doctorales por ser <strong>distinguidos como j\u00f3venes aracn\u00f3logos<\/strong> por sus trabajos. Mariela Oviedo-Diego gan\u00f3 el tercer lugar en modalidad presentaci\u00f3n oral, por su charla: Respuesta inmunol\u00f3gica post-copulatoria: rol femenino en la formaci\u00f3n de tapones genitales en dos especies de escorpiones botri\u00faridos y Franco Cargnelutti gan\u00f3 el segundo lugar en modalidad p\u00f3ster por el trabajo: Viabilidad esperm\u00e1tica en una ara\u00f1a hapl\u00f3gina: primera aproximaci\u00f3n usando <em>Holocnemus<\/em> <em>pluchei<\/em> (Scopoli 1763) (Pholcidae).<\/p>\n<p>\u00a1Felicitaciones a los Autores y Coautores de estos trabajos!<\/p>\n<p>&nbsp;<\/p>\n<p>&nbsp;<\/p>\n<p><img loading=\"lazy\" decoding=\"async\" class=\"alignnone size-medium wp-image-743\" src=\"https:\/\/www.labre.com.ar\/wp-content\/uploads\/2018\/02\/grupal2-300x184.jpg\" alt=\"grupal2\" width=\"300\" height=\"184\" srcset=\"https:\/\/www.labre.com.ar\/wp-content\/uploads\/2018\/02\/grupal2-300x184.jpg 300w, https:\/\/www.labre.com.ar\/wp-content\/uploads\/2018\/02\/grupal2-768x472.jpg 768w, https:\/\/www.labre.com.ar\/wp-content\/uploads\/2018\/02\/grupal2-1024x629.jpg 1024w\" sizes=\"(max-width: 300px) 100vw, 300px\" \/><\/p>","protected":false},"excerpt":{"rendered":"<p>El 3 de diciembre del 2017 se realiz\u00f3 en Minas Gerais, Brasil el V Congreso Latinoamericano de Aracnolog\u00eda en el cual particip\u00f3 gran parte de nuestro equipo. Se presentaron trabajos novedosos realizados por el grupo tanto en modalidad p\u00f3ster como charla oral. Queremos felicitar a dos de nuestros becarios doctorales por ser distinguidos como j\u00f3venes <a href=\"https:\/\/www.labre.com.ar\/es\/v-congreso-latinoamericano-de-aracnologia\/\" rel=\"nofollow\"><span class=\"sr-only\">Read more about V Congreso Latinoamericano de Aracnolog\u00eda<\/span>[&hellip;]<\/a><\/p>\n","protected":false},"author":5,"featured_media":722,"comment_status":"open","ping_status":"open","sticky":false,"template":"","format":"standard","meta":{"footnotes":""},"categories":[4],"tags":[],"_links":{"self":[{"href":"https:\/\/www.labre.com.ar\/es\/wp-json\/wp\/v2\/posts\/721"}],"collection":[{"href":"https:\/\/www.labre.com.ar\/es\/wp-json\/wp\/v2\/posts"}],"about":[{"href":"https:\/\/www.labre.com.ar\/es\/wp-json\/wp\/v2\/types\/post"}],"author":[{"embeddable":true,"href":"https:\/\/www.labre.com.ar\/es\/wp-json\/wp\/v2\/users\/5"}],"replies":[{"embeddable":true,"href":"https:\/\/www.labre.com.ar\/es\/wp-json\/wp\/v2\/comments?post=721"}],"version-history":[{"count":6,"href":"https:\/\/www.labre.com.ar\/es\/wp-json\/wp\/v2\/posts\/721\/revisions"}],"predecessor-version":[{"id":784,"href":"https:\/\/www.labre.com.ar\/es\/wp-json\/wp\/v2\/posts\/721\/revisions\/784"}],"wp:featuredmedia":[{"embeddable":true,"href":"https:\/\/www.labre.com.ar\/es\/wp-json\/wp\/v2\/media\/722"}],"wp:attachment":[{"href":"https:\/\/www.labre.com.ar\/es\/wp-json\/wp\/v2\/media?parent=721"}],"wp:term":[{"taxonomy":"category","embeddable":true,"href":"https:\/\/www.labre.com.ar\/es\/wp-json\/wp\/v2\/categories?post=721"},{"taxonomy":"post_tag","embeddable":true,"href":"https:\/\/www.labre.com.ar\/es\/wp-json\/wp\/v2\/tags?post=721"}],"curies":[{"name":"wp","href":"https:\/\/api.w.org\/{rel}","templated":true}]}}