{"id":697,"date":"2017-10-13T14:18:07","date_gmt":"2017-10-13T17:18:07","guid":{"rendered":"https:\/\/www.labre.com.ar\/?p=697"},"modified":"2018-02-21T11:59:47","modified_gmt":"2018-02-21T14:59:47","slug":"jornada-puertas-abiertas-fcefyn-unc","status":"publish","type":"post","link":"https:\/\/www.labre.com.ar\/es\/jornada-puertas-abiertas-fcefyn-unc\/","title":{"rendered":"Jornada puertas abiertas FCEFyN &#8211; UNC."},"content":{"rendered":"<p>Desde el Laboratorio de Biolog\u00eda Reproductiva y Evoluci\u00f3n consideramos de vital importancia fomentar la ciencia en alumnos de nivel medio, por lo cual estuvimos presentes en las\u00a0<strong>Jornadas de puertas abiertas\u00a0<\/strong>llevadas a cabo el 6 de octubre del 2017 por la Facultad de Ciencias Exactas, F\u00edsicas y Naturales de la Universidad Nacional de C\u00f3rdoba. Diferentes miembros del laboratorio expusieron sobre la biolog\u00eda de diferentes ar\u00e1cnidos y la importancia de su estudio en un contexto de ciencia b\u00e1sica. Agradecemos mucho la predisposici\u00f3n que mostraron los alumnos y docentes de los colegios secundarios de C\u00f3rdoba y el pa\u00eds.<\/p>\n<p><img loading=\"lazy\" decoding=\"async\" class=\"alignnone size-medium wp-image-698\" src=\"https:\/\/www.labre.com.ar\/wp-content\/uploads\/2017\/10\/1-300x169.png\" alt=\"1\" width=\"300\" height=\"169\" srcset=\"https:\/\/www.labre.com.ar\/wp-content\/uploads\/2017\/10\/1-300x169.png 300w, https:\/\/www.labre.com.ar\/wp-content\/uploads\/2017\/10\/1-768x432.png 768w, https:\/\/www.labre.com.ar\/wp-content\/uploads\/2017\/10\/1-1024x576.png 1024w, https:\/\/www.labre.com.ar\/wp-content\/uploads\/2017\/10\/1.png 1280w\" sizes=\"(max-width: 300px) 100vw, 300px\" \/>\u00a0\u00a0<img loading=\"lazy\" decoding=\"async\" class=\"alignnone size-medium wp-image-699\" src=\"https:\/\/www.labre.com.ar\/wp-content\/uploads\/2017\/10\/2-300x180.png\" alt=\"Jornada\" width=\"300\" height=\"180\" srcset=\"https:\/\/www.labre.com.ar\/wp-content\/uploads\/2017\/10\/2-300x180.png 300w, https:\/\/www.labre.com.ar\/wp-content\/uploads\/2017\/10\/2-768x461.png 768w, https:\/\/www.labre.com.ar\/wp-content\/uploads\/2017\/10\/2-1024x614.png 1024w, https:\/\/www.labre.com.ar\/wp-content\/uploads\/2017\/10\/2.png 1280w\" sizes=\"(max-width: 300px) 100vw, 300px\" \/><\/p>","protected":false},"excerpt":{"rendered":"<p>Desde el Laboratorio de Biolog\u00eda Reproductiva y Evoluci\u00f3n consideramos de vital importancia fomentar la ciencia en alumnos de nivel medio, por lo cual estuvimos presentes en las\u00a0Jornadas de puertas abiertas\u00a0llevadas a cabo el 6 de octubre del 2017 por la Facultad de Ciencias Exactas, F\u00edsicas y Naturales de la Universidad Nacional de C\u00f3rdoba. Diferentes miembros <a href=\"https:\/\/www.labre.com.ar\/es\/jornada-puertas-abiertas-fcefyn-unc\/\" rel=\"nofollow\"><span class=\"sr-only\">Read more about Jornada puertas abiertas FCEFyN &#8211; UNC.<\/span>[&hellip;]<\/a><\/p>\n","protected":false},"author":6,"featured_media":699,"comment_status":"open","ping_status":"open","sticky":false,"template":"","format":"standard","meta":{"footnotes":""},"categories":[4],"tags":[],"_links":{"self":[{"href":"https:\/\/www.labre.com.ar\/es\/wp-json\/wp\/v2\/posts\/697"}],"collection":[{"href":"https:\/\/www.labre.com.ar\/es\/wp-json\/wp\/v2\/posts"}],"about":[{"href":"https:\/\/www.labre.com.ar\/es\/wp-json\/wp\/v2\/types\/post"}],"author":[{"embeddable":true,"href":"https:\/\/www.labre.com.ar\/es\/wp-json\/wp\/v2\/users\/6"}],"replies":[{"embeddable":true,"href":"https:\/\/www.labre.com.ar\/es\/wp-json\/wp\/v2\/comments?post=697"}],"version-history":[{"count":5,"href":"https:\/\/www.labre.com.ar\/es\/wp-json\/wp\/v2\/posts\/697\/revisions"}],"predecessor-version":[{"id":746,"href":"https:\/\/www.labre.com.ar\/es\/wp-json\/wp\/v2\/posts\/697\/revisions\/746"}],"wp:featuredmedia":[{"embeddable":true,"href":"https:\/\/www.labre.com.ar\/es\/wp-json\/wp\/v2\/media\/699"}],"wp:attachment":[{"href":"https:\/\/www.labre.com.ar\/es\/wp-json\/wp\/v2\/media?parent=697"}],"wp:term":[{"taxonomy":"category","embeddable":true,"href":"https:\/\/www.labre.com.ar\/es\/wp-json\/wp\/v2\/categories?post=697"},{"taxonomy":"post_tag","embeddable":true,"href":"https:\/\/www.labre.com.ar\/es\/wp-json\/wp\/v2\/tags?post=697"}],"curies":[{"name":"wp","href":"https:\/\/api.w.org\/{rel}","templated":true}]}}