{"id":1813,"date":"2024-05-27T10:42:25","date_gmt":"2024-05-27T13:42:25","guid":{"rendered":"https:\/\/www.labre.com.ar\/?p=1813"},"modified":"2024-05-27T10:42:25","modified_gmt":"2024-05-27T13:42:25","slug":"visita-a-escuelas-rurales-de-traslasierras","status":"publish","type":"post","link":"https:\/\/www.labre.com.ar\/es\/visita-a-escuelas-rurales-de-traslasierras\/","title":{"rendered":"Visita a Escuelas Rurales de Traslasierras"},"content":{"rendered":"<p><img loading=\"lazy\" decoding=\"async\" class=\"size-medium wp-image-1814 alignleft\" src=\"https:\/\/www.labre.com.ar\/wp-content\/uploads\/2024\/05\/SE.Com_Encabezados_web__1600.2e16d0ba.fill-1600x390-c100_SVtpoH0-300x150.png\" alt=\"\" width=\"300\" height=\"150\" srcset=\"https:\/\/www.labre.com.ar\/wp-content\/uploads\/2024\/05\/SE.Com_Encabezados_web__1600.2e16d0ba.fill-1600x390-c100_SVtpoH0-300x150.png 300w, https:\/\/www.labre.com.ar\/wp-content\/uploads\/2024\/05\/SE.Com_Encabezados_web__1600.2e16d0ba.fill-1600x390-c100_SVtpoH0-768x384.png 768w, https:\/\/www.labre.com.ar\/wp-content\/uploads\/2024\/05\/SE.Com_Encabezados_web__1600.2e16d0ba.fill-1600x390-c100_SVtpoH0-600x300.png 600w, https:\/\/www.labre.com.ar\/wp-content\/uploads\/2024\/05\/SE.Com_Encabezados_web__1600.2e16d0ba.fill-1600x390-c100_SVtpoH0-400x200.png 400w, https:\/\/www.labre.com.ar\/wp-content\/uploads\/2024\/05\/SE.Com_Encabezados_web__1600.2e16d0ba.fill-1600x390-c100_SVtpoH0.png 776w\" sizes=\"(max-width: 300px) 100vw, 300px\" \/>La <strong>Dra. Alejandra Ceballos<\/strong> junto a la Vicedecana y el Prosecretario de Vinculacion\u00a0Social de la Facultad de Cs. Exactas, F\u00edsicas y Naturales (Universidad Nacional de C\u00f3rdoba) visitaron el pasado 18 de Abril dos escuelas primarias rurales en la zona de Ambul en el Valle de Traslasierras para sentar las bases de futuros proyectos de extensi\u00f3n con la comunidad local, en donde participar\u00e1n activamente diversos miembros del LABRE. Tambi\u00e9n se entregaron \u00fatiles escolares, golosinas y botiquines que fueron donados por los integrantes del Laboratorio de Biolog\u00eda Reproductiva y Evoluci\u00f3n y por las autoridades de nuestra facultad. Esta primera visita permite comenzar a articular con las escuelas para generar proyectos que permitan compartir ciencia y tecnolog\u00eda a distintos territorios, estimulando las vocaciones cient\u00edficas en todas las edades y acercando la Universidad P\u00fablica a las comunidades locales para entender las m\u00faltiples problem\u00e1ticas y desaf\u00edos de nuestra Provincia.<\/p>\n<p><a href=\"https:\/\/fcefyn.unc.edu.ar\/facultad\/secretarias\/extension\/prosecretaria-de-vinculacion-social\/mes-de-la-ciencia-visitamos-escuelas-en-traslasierras\/\">https:\/\/fcefyn.unc.edu.ar\/facultad\/secretarias\/extension\/prosecretaria-de-vinculacion-social\/mes-de-la-ciencia-visitamos-escuelas-en-traslasierras\/<\/a><\/p>\n<p>&nbsp;<\/p>","protected":false},"excerpt":{"rendered":"<p>La Dra. Alejandra Ceballos junto a la Vicedecana y el Prosecretario de Vinculacion\u00a0Social de la Facultad de Cs. Exactas, F\u00edsicas y Naturales (Universidad Nacional de C\u00f3rdoba) visitaron el pasado 18 de Abril dos escuelas primarias rurales en la zona de Ambul en el Valle de Traslasierras para sentar las bases de futuros proyectos de extensi\u00f3n <a href=\"https:\/\/www.labre.com.ar\/es\/visita-a-escuelas-rurales-de-traslasierras\/\" rel=\"nofollow\"><span class=\"sr-only\">Read more about Visita a Escuelas Rurales de Traslasierras<\/span>[&hellip;]<\/a><\/p>\n","protected":false},"author":6,"featured_media":1814,"comment_status":"open","ping_status":"open","sticky":false,"template":"","format":"standard","meta":{"footnotes":""},"categories":[4],"tags":[],"_links":{"self":[{"href":"https:\/\/www.labre.com.ar\/es\/wp-json\/wp\/v2\/posts\/1813"}],"collection":[{"href":"https:\/\/www.labre.com.ar\/es\/wp-json\/wp\/v2\/posts"}],"about":[{"href":"https:\/\/www.labre.com.ar\/es\/wp-json\/wp\/v2\/types\/post"}],"author":[{"embeddable":true,"href":"https:\/\/www.labre.com.ar\/es\/wp-json\/wp\/v2\/users\/6"}],"replies":[{"embeddable":true,"href":"https:\/\/www.labre.com.ar\/es\/wp-json\/wp\/v2\/comments?post=1813"}],"version-history":[{"count":1,"href":"https:\/\/www.labre.com.ar\/es\/wp-json\/wp\/v2\/posts\/1813\/revisions"}],"predecessor-version":[{"id":1815,"href":"https:\/\/www.labre.com.ar\/es\/wp-json\/wp\/v2\/posts\/1813\/revisions\/1815"}],"wp:featuredmedia":[{"embeddable":true,"href":"https:\/\/www.labre.com.ar\/es\/wp-json\/wp\/v2\/media\/1814"}],"wp:attachment":[{"href":"https:\/\/www.labre.com.ar\/es\/wp-json\/wp\/v2\/media?parent=1813"}],"wp:term":[{"taxonomy":"category","embeddable":true,"href":"https:\/\/www.labre.com.ar\/es\/wp-json\/wp\/v2\/categories?post=1813"},{"taxonomy":"post_tag","embeddable":true,"href":"https:\/\/www.labre.com.ar\/es\/wp-json\/wp\/v2\/tags?post=1813"}],"curies":[{"name":"wp","href":"https:\/\/api.w.org\/{rel}","templated":true}]}}