{"id":1776,"date":"2024-04-18T11:50:12","date_gmt":"2024-04-18T14:50:12","guid":{"rendered":"https:\/\/www.labre.com.ar\/?p=1776"},"modified":"2024-04-18T11:50:12","modified_gmt":"2024-04-18T14:50:12","slug":"carrera-de-investigador-cic-2022","status":"publish","type":"post","link":"https:\/\/www.labre.com.ar\/es\/carrera-de-investigador-cic-2022\/","title":{"rendered":"Carrera de investigador CIC 2022"},"content":{"rendered":"<p><\/p>\n<h2><strong>Carrera de Investigador CIC 2022<\/strong><\/h2>\n<p>Felicitemos a los <strong>Drs. Fedra Bollatti<\/strong> y <strong>Franco Cargnelutti<\/strong> por su merecido ingreso a la carrera del Investigador Cient\u00edfico de CONICET. Su dedicaci\u00f3n y perseverancia han dado frutos, y este logro es un testimonio de su compromiso con la excelencia en la investigaci\u00f3n cient\u00edfica.<br \/>\nEl LABRE se enorgullece de haber sido testigo del arduo trabajo, la curiosidad y la creatividad de estos j\u00f3venes investigadores durante su tiempo como becarios doctorales y posdoctorales. Sin duda, esta nueva etapa marca el comienzo de una carrera cient\u00edfica prometedora para ambos.<\/p>\n<p><img loading=\"lazy\" decoding=\"async\" class=\"size-medium wp-image-1777 alignleft\" src=\"https:\/\/www.labre.com.ar\/wp-content\/uploads\/2024\/04\/Ingreso-CIC-202x300.jpeg\" alt=\"\" width=\"202\" height=\"300\" srcset=\"https:\/\/www.labre.com.ar\/wp-content\/uploads\/2024\/04\/Ingreso-CIC-202x300.jpeg 202w, https:\/\/www.labre.com.ar\/wp-content\/uploads\/2024\/04\/Ingreso-CIC-690x1024.jpeg 690w, https:\/\/www.labre.com.ar\/wp-content\/uploads\/2024\/04\/Ingreso-CIC-768x1140.jpeg 768w, https:\/\/www.labre.com.ar\/wp-content\/uploads\/2024\/04\/Ingreso-CIC-1035x1536.jpeg 1035w, https:\/\/www.labre.com.ar\/wp-content\/uploads\/2024\/04\/Ingreso-CIC.jpeg 1078w\" sizes=\"(max-width: 202px) 100vw, 202px\" \/><\/p>","protected":false},"excerpt":{"rendered":"<p>Carrera de Investigador CIC 2022 Felicitemos a los Drs. Fedra Bollatti y Franco Cargnelutti por su merecido ingreso a la carrera del Investigador Cient\u00edfico de CONICET. Su dedicaci\u00f3n y perseverancia han dado frutos, y este logro es un testimonio de su compromiso con la excelencia en la investigaci\u00f3n cient\u00edfica. El LABRE se enorgullece de haber <a href=\"https:\/\/www.labre.com.ar\/es\/carrera-de-investigador-cic-2022\/\" rel=\"nofollow\"><span class=\"sr-only\">Read more about Carrera de investigador CIC 2022<\/span>[&hellip;]<\/a><\/p>\n","protected":false},"author":5,"featured_media":1778,"comment_status":"open","ping_status":"open","sticky":false,"template":"","format":"standard","meta":{"footnotes":""},"categories":[4],"tags":[],"_links":{"self":[{"href":"https:\/\/www.labre.com.ar\/es\/wp-json\/wp\/v2\/posts\/1776"}],"collection":[{"href":"https:\/\/www.labre.com.ar\/es\/wp-json\/wp\/v2\/posts"}],"about":[{"href":"https:\/\/www.labre.com.ar\/es\/wp-json\/wp\/v2\/types\/post"}],"author":[{"embeddable":true,"href":"https:\/\/www.labre.com.ar\/es\/wp-json\/wp\/v2\/users\/5"}],"replies":[{"embeddable":true,"href":"https:\/\/www.labre.com.ar\/es\/wp-json\/wp\/v2\/comments?post=1776"}],"version-history":[{"count":1,"href":"https:\/\/www.labre.com.ar\/es\/wp-json\/wp\/v2\/posts\/1776\/revisions"}],"predecessor-version":[{"id":1779,"href":"https:\/\/www.labre.com.ar\/es\/wp-json\/wp\/v2\/posts\/1776\/revisions\/1779"}],"wp:featuredmedia":[{"embeddable":true,"href":"https:\/\/www.labre.com.ar\/es\/wp-json\/wp\/v2\/media\/1778"}],"wp:attachment":[{"href":"https:\/\/www.labre.com.ar\/es\/wp-json\/wp\/v2\/media?parent=1776"}],"wp:term":[{"taxonomy":"category","embeddable":true,"href":"https:\/\/www.labre.com.ar\/es\/wp-json\/wp\/v2\/categories?post=1776"},{"taxonomy":"post_tag","embeddable":true,"href":"https:\/\/www.labre.com.ar\/es\/wp-json\/wp\/v2\/tags?post=1776"}],"curies":[{"name":"wp","href":"https:\/\/api.w.org\/{rel}","templated":true}]}}