{"id":1285,"date":"2022-11-07T10:29:43","date_gmt":"2022-11-07T13:29:43","guid":{"rendered":"https:\/\/www.labre.com.ar\/?p=1285"},"modified":"2022-11-07T10:29:43","modified_gmt":"2022-11-07T13:29:43","slug":"pagina-de-fotografias-de-aranas-de-argentina","status":"publish","type":"post","link":"https:\/\/www.labre.com.ar\/es\/pagina-de-fotografias-de-aranas-de-argentina\/","title":{"rendered":"P\u00e1gina de fotograf\u00edas de ara\u00f1as de Argentina"},"content":{"rendered":"<p><em>P\u00e1gina de fotograf\u00edas de ara\u00f1as de Argentina<\/em><\/p>\n<p><img loading=\"lazy\" decoding=\"async\" class=\" wp-image-1286 alignleft\" src=\"https:\/\/www.labre.com.ar\/wp-content\/uploads\/2022\/11\/aranas-300x281.png\" alt=\"\" width=\"243\" height=\"228\" srcset=\"https:\/\/www.labre.com.ar\/wp-content\/uploads\/2022\/11\/aranas-300x281.png 300w, https:\/\/www.labre.com.ar\/wp-content\/uploads\/2022\/11\/aranas.png 663w\" sizes=\"(max-width: 243px) 100vw, 243px\" \/>El Dr. Mat\u00edas Izquierdo lleva adelante un proyecto de fotograf\u00eda de ara\u00f1as argentinas que pod\u00e9s visitar en el siguiente enlace:\u00a0<a href=\"https:\/\/nam12.safelinks.protection.outlook.com\/?url=https%3A%2F%2Fflickr.com%2Fphotos%2F195931149%40N07%2F&amp;data=05%7C01%7C%7C968f1b72242e44e3dfb508dabb5e33ca%7C84df9e7fe9f640afb435aaaaaaaaaaaa%7C1%7C0%7C638028310549186415%7CUnknown%7CTWFpbGZsb3d8eyJWIjoiMC4wLjAwMDAiLCJQIjoiV2luMzIiLCJBTiI6Ik1haWwiLCJXVCI6Mn0%3D%7C3000%7C%7C%7C&amp;sdata=%2B9TCCRIScpknJICpJgITHgJc%2F5t5lXUCzH4afa8QPvo%3D&amp;reserved=0\">https:\/\/flickr.com\/photos\/195931149@N07\/<\/a>,<\/p>\n<p>tambi\u00e9n pod\u00e9s conocer m\u00e1s sobre el proyecto y las \u00faltimas actualizaciones en la cuenta de twitter @Aranias_Arg. Te invitamos a visitar la p\u00e1gina y seguirlo en twitter!<\/p>","protected":false},"excerpt":{"rendered":"<p>P\u00e1gina de fotograf\u00edas de ara\u00f1as de Argentina El Dr. Mat\u00edas Izquierdo lleva adelante un proyecto de fotograf\u00eda de ara\u00f1as argentinas que pod\u00e9s visitar en el siguiente enlace:\u00a0https:\/\/flickr.com\/photos\/195931149@N07\/, tambi\u00e9n pod\u00e9s conocer m\u00e1s sobre el proyecto y las \u00faltimas actualizaciones en la cuenta de twitter @Aranias_Arg. Te invitamos a visitar la p\u00e1gina y seguirlo en twitter!<\/p>\n","protected":false},"author":6,"featured_media":1286,"comment_status":"open","ping_status":"open","sticky":false,"template":"","format":"standard","meta":{"footnotes":""},"categories":[4],"tags":[],"_links":{"self":[{"href":"https:\/\/www.labre.com.ar\/es\/wp-json\/wp\/v2\/posts\/1285"}],"collection":[{"href":"https:\/\/www.labre.com.ar\/es\/wp-json\/wp\/v2\/posts"}],"about":[{"href":"https:\/\/www.labre.com.ar\/es\/wp-json\/wp\/v2\/types\/post"}],"author":[{"embeddable":true,"href":"https:\/\/www.labre.com.ar\/es\/wp-json\/wp\/v2\/users\/6"}],"replies":[{"embeddable":true,"href":"https:\/\/www.labre.com.ar\/es\/wp-json\/wp\/v2\/comments?post=1285"}],"version-history":[{"count":1,"href":"https:\/\/www.labre.com.ar\/es\/wp-json\/wp\/v2\/posts\/1285\/revisions"}],"predecessor-version":[{"id":1287,"href":"https:\/\/www.labre.com.ar\/es\/wp-json\/wp\/v2\/posts\/1285\/revisions\/1287"}],"wp:featuredmedia":[{"embeddable":true,"href":"https:\/\/www.labre.com.ar\/es\/wp-json\/wp\/v2\/media\/1286"}],"wp:attachment":[{"href":"https:\/\/www.labre.com.ar\/es\/wp-json\/wp\/v2\/media?parent=1285"}],"wp:term":[{"taxonomy":"category","embeddable":true,"href":"https:\/\/www.labre.com.ar\/es\/wp-json\/wp\/v2\/categories?post=1285"},{"taxonomy":"post_tag","embeddable":true,"href":"https:\/\/www.labre.com.ar\/es\/wp-json\/wp\/v2\/tags?post=1285"}],"curies":[{"name":"wp","href":"https:\/\/api.w.org\/{rel}","templated":true}]}}