{"id":1282,"date":"2022-11-07T10:24:29","date_gmt":"2022-11-07T13:24:29","guid":{"rendered":"https:\/\/www.labre.com.ar\/?p=1282"},"modified":"2022-11-07T10:32:08","modified_gmt":"2022-11-07T13:32:08","slug":"viajeros-del-labre-en-el-cedar-point-times","status":"publish","type":"post","link":"https:\/\/www.labre.com.ar\/es\/viajeros-del-labre-en-el-cedar-point-times\/","title":{"rendered":"Viajeros del labre en el Cedar Point Times"},"content":{"rendered":"<p><em>Viajeros del labre en el Cedar Point Times<\/em><\/p>\n<p><img loading=\"lazy\" decoding=\"async\" class=\"size-full wp-image-1283 alignleft\" src=\"https:\/\/www.labre.com.ar\/wp-content\/uploads\/2022\/11\/images.jpg\" alt=\"\" width=\"225\" height=\"225\" srcset=\"https:\/\/www.labre.com.ar\/wp-content\/uploads\/2022\/11\/images.jpg 225w, https:\/\/www.labre.com.ar\/wp-content\/uploads\/2022\/11\/images-150x150.jpg 150w, https:\/\/www.labre.com.ar\/wp-content\/uploads\/2022\/11\/images-174x174.jpg 174w\" sizes=\"(max-width: 225px) 100vw, 225px\" \/>Dos becarios post-doctorales del Labre (Mariela Oviedo-Diego y Franco Cargnelutti) aparecieron en la portada del &#8220;Cedar Point Times&#8221; este mes, la revista de la Estaci\u00f3n Biol\u00f3gica de Cedar Point, Nebraska, USA. El motivo fue su visita a la estaci\u00f3n en el mes de Agosto en el marco de la pasant\u00eda realizada en el Labortorio de Eileen Hebets en la Universidad de Lincoln-Nebraska (<a href=\"https:\/\/nam12.safelinks.protection.outlook.com\/?url=https%3A%2F%2Fhebetslab.unl.edu%2F&amp;data=05%7C01%7C%7C8c55ebdbe7c040f72aa308dabb5a3856%7C84df9e7fe9f640afb435aaaaaaaaaaaa%7C1%7C0%7C638028293731759917%7CUnknown%7CTWFpbGZsb3d8eyJWIjoiMC4wLjAwMDAiLCJQIjoiV2luMzIiLCJBTiI6Ik1haWwiLCJXVCI6Mn0%3D%7C3000%7C%7C%7C&amp;sdata=nqE8XauN8Ic%2BWsMSXbhV4Wd1unlhezGRn%2BLScoqdYow%3D&amp;reserved=0\">https:\/\/hebetslab.unl.edu\/<\/a>).<\/p>\n<p>Descarg\u00e1 el n\u00famero aqu\u00ed:\u00a0<a href=\"https:\/\/nam12.safelinks.protection.outlook.com\/?url=https%3A%2F%2Fcedarpoint.unl.edu%2F&amp;data=05%7C01%7C%7C8c55ebdbe7c040f72aa308dabb5a3856%7C84df9e7fe9f640afb435aaaaaaaaaaaa%7C1%7C0%7C638028293731759917%7CUnknown%7CTWFpbGZsb3d8eyJWIjoiMC4wLjAwMDAiLCJQIjoiV2luMzIiLCJBTiI6Ik1haWwiLCJXVCI6Mn0%3D%7C3000%7C%7C%7C&amp;sdata=ALd6jkEhwLr%2BbWXXRepiCPeUKJXqDhfjiUOvr9dCQeQ%3D&amp;reserved=0\">https:\/\/cedarpoint.unl.edu\/<\/a>\u00a0para enterarte de sus actividades!<\/p>","protected":false},"excerpt":{"rendered":"<p>Viajeros del labre en el Cedar Point Times Dos becarios post-doctorales del Labre (Mariela Oviedo-Diego y Franco Cargnelutti) aparecieron en la portada del &#8220;Cedar Point Times&#8221; este mes, la revista de la Estaci\u00f3n Biol\u00f3gica de Cedar Point, Nebraska, USA. El motivo fue su visita a la estaci\u00f3n en el mes de Agosto en el marco <a href=\"https:\/\/www.labre.com.ar\/es\/viajeros-del-labre-en-el-cedar-point-times\/\" rel=\"nofollow\"><span class=\"sr-only\">Read more about Viajeros del labre en el Cedar Point Times<\/span>[&hellip;]<\/a><\/p>\n","protected":false},"author":6,"featured_media":1283,"comment_status":"open","ping_status":"open","sticky":false,"template":"","format":"standard","meta":{"footnotes":""},"categories":[4],"tags":[],"_links":{"self":[{"href":"https:\/\/www.labre.com.ar\/es\/wp-json\/wp\/v2\/posts\/1282"}],"collection":[{"href":"https:\/\/www.labre.com.ar\/es\/wp-json\/wp\/v2\/posts"}],"about":[{"href":"https:\/\/www.labre.com.ar\/es\/wp-json\/wp\/v2\/types\/post"}],"author":[{"embeddable":true,"href":"https:\/\/www.labre.com.ar\/es\/wp-json\/wp\/v2\/users\/6"}],"replies":[{"embeddable":true,"href":"https:\/\/www.labre.com.ar\/es\/wp-json\/wp\/v2\/comments?post=1282"}],"version-history":[{"count":2,"href":"https:\/\/www.labre.com.ar\/es\/wp-json\/wp\/v2\/posts\/1282\/revisions"}],"predecessor-version":[{"id":1288,"href":"https:\/\/www.labre.com.ar\/es\/wp-json\/wp\/v2\/posts\/1282\/revisions\/1288"}],"wp:featuredmedia":[{"embeddable":true,"href":"https:\/\/www.labre.com.ar\/es\/wp-json\/wp\/v2\/media\/1283"}],"wp:attachment":[{"href":"https:\/\/www.labre.com.ar\/es\/wp-json\/wp\/v2\/media?parent=1282"}],"wp:term":[{"taxonomy":"category","embeddable":true,"href":"https:\/\/www.labre.com.ar\/es\/wp-json\/wp\/v2\/categories?post=1282"},{"taxonomy":"post_tag","embeddable":true,"href":"https:\/\/www.labre.com.ar\/es\/wp-json\/wp\/v2\/tags?post=1282"}],"curies":[{"name":"wp","href":"https:\/\/api.w.org\/{rel}","templated":true}]}}