{"id":1161,"date":"2022-04-28T12:51:49","date_gmt":"2022-04-28T15:51:49","guid":{"rendered":"https:\/\/www.labre.com.ar\/?p=1161"},"modified":"2022-05-03T09:47:02","modified_gmt":"2022-05-03T12:47:02","slug":"red-de-aracnologia-emergente-latina-rael","status":"publish","type":"post","link":"https:\/\/www.labre.com.ar\/es\/red-de-aracnologia-emergente-latina-rael\/","title":{"rendered":"Red de Aracnolog\u00eda Emergente Latina (RAEL)"},"content":{"rendered":"<p><a href=\"https:\/\/www.labre.com.ar\/wp-content\/uploads\/2022\/04\/Logo-temporario.webp\"><img loading=\"lazy\" decoding=\"async\" class=\"alignright wp-image-1162\" src=\"https:\/\/www.labre.com.ar\/wp-content\/uploads\/2022\/04\/Logo-temporario.webp\" alt=\"\" width=\"160\" height=\"153\"><\/a>Durante la pandemia algunos miembros del LABRE (Dr. Franco Cargnelutti, Dra. Fedra Bollatti y Mariela Oviedo-Diego) en conjunto con colegas aracn\u00f3logos de otros pa\u00edses latinoamericanos tuvieron la iniciativa de crear un espacio que facilite la divulgaci\u00f3n de oportunidades de estudio de aracnolog\u00eda, que promueva el intercambio de ideas y el crecimiento profesional de sus miembros mediante simposios, conferencias, presentaciones p\u00fablicas, y tambi\u00e9n, mentor\u00edas para estudiantes en diferentes niveles de formaci\u00f3n.<\/p>\n<p>Si quer\u00e9s conocer m\u00e1s sobre la Red visit\u00e1 &nbsp;la p\u00e1gina web (<a href=\"https:\/\/redaracno.wixsite.com\/rael-aracnologia\">https:\/\/redaracno.wixsite.com\/rael-aracnologia<\/a>&nbsp; y sus redes sociales (<a href=\"https:\/\/nam12.safelinks.protection.outlook.com\/?url=https%3A%2F%2Ftwitter.com%2FRAEL_aracno&amp;data=05%7C01%7C%7C5a0ee6eb3b9d4e34630508da26ece696%7C84df9e7fe9f640afb435aaaaaaaaaaaa%7C1%7C0%7C637865096187504433%7CUnknown%7CTWFpbGZsb3d8eyJWIjoiMC4wLjAwMDAiLCJQIjoiV2luMzIiLCJBTiI6Ik1haWwiLCJXVCI6Mn0%3D%7C3000%7C%7C%7C&amp;sdata=bUXisBedE8meSrGWtePVI2Eh3qTJ18g%2BwlpdCzucOlA%3D&amp;reserved=0\">https:\/\/twitter.com\/RAEL_aracno<\/a>;&nbsp;<a href=\"https:\/\/nam12.safelinks.protection.outlook.com\/?url=https%3A%2F%2Fwww.instagram.com%2Frael_aracno%2F&amp;data=05%7C01%7C%7C5a0ee6eb3b9d4e34630508da26ece696%7C84df9e7fe9f640afb435aaaaaaaaaaaa%7C1%7C0%7C637865096187504433%7CUnknown%7CTWFpbGZsb3d8eyJWIjoiMC4wLjAwMDAiLCJQIjoiV2luMzIiLCJBTiI6Ik1haWwiLCJXVCI6Mn0%3D%7C3000%7C%7C%7C&amp;sdata=kE631oGXHXaf8iKT0T89RJ2SssVZxPqGT%2FCZjXmEhVQ%3D&amp;reserved=0\">https:\/\/www.instagram.com\/rael_aracno\/<\/a>)<\/p>","protected":false},"excerpt":{"rendered":"<p>Durante la pandemia algunos miembros del LABRE (Dr. Franco Cargnelutti, Dra. Fedra Bollatti y Mariela Oviedo-Diego) en conjunto con colegas aracn\u00f3logos de otros pa\u00edses latinoamericanos tuvieron la iniciativa de crear un espacio que facilite la divulgaci\u00f3n de oportunidades de estudio de aracnolog\u00eda, que promueva el intercambio de ideas y el crecimiento profesional de sus miembros <a href=\"https:\/\/www.labre.com.ar\/es\/red-de-aracnologia-emergente-latina-rael\/\" rel=\"nofollow\"><span class=\"sr-only\">Read more about Red de Aracnolog\u00eda Emergente Latina (RAEL)<\/span>[&hellip;]<\/a><\/p>\n","protected":false},"author":5,"featured_media":1162,"comment_status":"open","ping_status":"open","sticky":false,"template":"","format":"standard","meta":{"footnotes":""},"categories":[4],"tags":[],"_links":{"self":[{"href":"https:\/\/www.labre.com.ar\/es\/wp-json\/wp\/v2\/posts\/1161"}],"collection":[{"href":"https:\/\/www.labre.com.ar\/es\/wp-json\/wp\/v2\/posts"}],"about":[{"href":"https:\/\/www.labre.com.ar\/es\/wp-json\/wp\/v2\/types\/post"}],"author":[{"embeddable":true,"href":"https:\/\/www.labre.com.ar\/es\/wp-json\/wp\/v2\/users\/5"}],"replies":[{"embeddable":true,"href":"https:\/\/www.labre.com.ar\/es\/wp-json\/wp\/v2\/comments?post=1161"}],"version-history":[{"count":2,"href":"https:\/\/www.labre.com.ar\/es\/wp-json\/wp\/v2\/posts\/1161\/revisions"}],"predecessor-version":[{"id":1181,"href":"https:\/\/www.labre.com.ar\/es\/wp-json\/wp\/v2\/posts\/1161\/revisions\/1181"}],"wp:featuredmedia":[{"embeddable":true,"href":"https:\/\/www.labre.com.ar\/es\/wp-json\/wp\/v2\/media\/1162"}],"wp:attachment":[{"href":"https:\/\/www.labre.com.ar\/es\/wp-json\/wp\/v2\/media?parent=1161"}],"wp:term":[{"taxonomy":"category","embeddable":true,"href":"https:\/\/www.labre.com.ar\/es\/wp-json\/wp\/v2\/categories?post=1161"},{"taxonomy":"post_tag","embeddable":true,"href":"https:\/\/www.labre.com.ar\/es\/wp-json\/wp\/v2\/tags?post=1161"}],"curies":[{"name":"wp","href":"https:\/\/api.w.org\/{rel}","templated":true}]}}